{"id":746,"date":"2016-10-28T13:23:09","date_gmt":"2016-10-28T13:23:09","guid":{"rendered":"http:\/\/ciedesogres.com\/wdp1\/?p=746"},"modified":"2017-09-15T17:13:31","modified_gmt":"2017-09-15T17:13:31","slug":"lecture-de-ogres-au-tgp","status":"publish","type":"post","link":"https:\/\/ciedesogres.com\/wdp1\/lecture-de-ogres-au-tgp\/","title":{"rendered":"Lecture de Ogres au TGP"},"content":{"rendered":"<h1 style=\"text-align: center;\"><span style=\"color: #ff6600;\"><span style=\"color: #ff0000;\">Lecture<br \/>\n<em>Ogres <\/em>au TGP<\/span><br \/>\n<\/span><\/h1>\n<p>&nbsp;<\/p>\n<div>\n<div style=\"text-align: justify;\">Toute l&rsquo;\u00e9quipe de la <a href=\"https:\/\/ciedesogres.com\/wdp1\/\" data-cke-saved-href=\"https:\/\/ciedesogres.com\/wdp1\/\">Compagnie des Ogres<\/a> a le plaisir de vous convier \u00e0 la lecture de <em><strong>Ogres<\/strong><\/em> de <a href=\"https:\/\/ciedesogres.com\/wdp1\/yann-verburgh\/\" data-cke-saved-href=\"https:\/\/ciedesogres.com\/wdp1\/yann-verburgh\/\">Yann Verburgh<\/a>, mis en voix par<a href=\"https:\/\/ciedesogres.com\/wdp1\/eugen-jebeleanu\/\" data-cke-saved-href=\"https:\/\/ciedesogres.com\/wdp1\/eugen-jebeleanu\/\"> Eugen Jebeleanu<\/a>, qui aura lieu le vendredi <strong>18 novembre \u00e0 18h30 au <a href=\"http:\/\/www.theatregerardphilipe.com\/cdn\/\" target=\"_blank\">Th\u00e9\u00e2tre G\u00e9rard Philipe<\/a><\/strong> &#8211; CDN de Saint-Denis.<\/div>\n<div style=\"text-align: justify;\">\n<p>Cette lecture, reflet d&rsquo;une \u00e9tape de travail men\u00e9e au Th\u00e9\u00e2tre G\u00e9rard Philipe, permettra de clore cette r\u00e9sidence de cr\u00e9ation autour de <em>Ogres<\/em> par un \u00e9change avec le public.<\/p>\n<\/div>\n<\/div>\n<div style=\"text-align: justify;\">Le projet sera \u00e9galement accueilli en r\u00e9sidence cet automne \u00e0 <a href=\"http:\/\/www.theatre-ouvert.com\/\" target=\"_blank\">Th\u00e9\u00e2tre Ouvert cndc<\/a> du 24 au 28 octobre 2016 et \u00e0 la <a href=\"http:\/\/chartreuse.org\/site\/\" target=\"_blank\">Chartreuse Cnes<\/a> de Villeneuve lez Avignon du 7 au 18 d\u00e9cembre 2016 et du 16 au 28 janvier 2017.<strong><br \/>\n<\/strong><\/div>\n<p style=\"text-align: justify;\"><span class=\"_fbReactionComponent__eventDetailsContent fsl\"><strong><br \/>\nLa cr\u00e9ation de<em> <a href=\"https:\/\/ciedesogres.com\/wdp1\/le-spectacle-ogres\/\" target=\"_blank\">Ogres<\/a><\/em> aura lieu le samedi 28 janvier 2017, \u00e0 la <a href=\"http:\/\/www.chartreuse.org\/\" target=\"_blank\">Chartreuse Cnes<\/a> de Villeneuve lez Avignon.<\/strong><br \/>\nRetrouvez toutes les dates de repr\u00e9sentation dans la rubrique <a href=\"https:\/\/ciedesogres.com\/wdp1\/evenements\/\" target=\"_blank\">Calendrier<\/a>.<br \/>\n<\/span><\/p>\n<figure id=\"attachment_227\" aria-describedby=\"caption-attachment-227\" style=\"width: 960px\" class=\"wp-caption aligncenter\"><img loading=\"lazy\" decoding=\"async\" class=\"size-full wp-image-227\" src=\"https:\/\/ciedesogres.com\/wdp1\/wp-content\/uploads\/2016\/01\/Ogres-TO-2.jpg\" alt=\"Ogres \u00e0 Th\u00e9\u00e2tre Ouvert - 18 novembre 2015\" width=\"960\" height=\"640\" srcset=\"https:\/\/ciedesogres.com\/wdp1\/wp-content\/uploads\/2016\/01\/Ogres-TO-2.jpg 960w, https:\/\/ciedesogres.com\/wdp1\/wp-content\/uploads\/2016\/01\/Ogres-TO-2-300x200.jpg 300w\" sizes=\"auto, (max-width: 960px) 100vw, 960px\" \/><figcaption id=\"caption-attachment-227\" class=\"wp-caption-text\">Ogres \u00e0 Th\u00e9\u00e2tre Ouvert &#8211; 18 novembre 2015<\/figcaption><\/figure>\n<h2><strong><em>OGRES<\/em> <\/strong><\/h2>\n<div><strong>de Yann Verburgh<\/strong><\/div>\n<div>\n<p style=\"text-align: justify;\"><strong>mis en sc\u00e8ne par Eugen Jebeleanu<br \/>\n<\/strong>avec Gautier Boxebeld, Cl\u00e9mence Laboureau, Radouan Leflahi, Ugo L\u00e9onard et Claire Puygrenier<\/p>\n<p>le <strong>18 novembre 2016 \u00e0 18h30<br \/>\n<\/strong>au<strong> Th\u00e9\u00e2tre G\u00e9rard Philipe<\/strong> &#8211; CDN de Saint-Denis<br \/>\nen Salle Serreau<\/p>\n<p>Dur\u00e9e estim\u00e9e : 45 min<br \/>\nEntr\u00e9e libre<\/p>\n<p style=\"text-align: justify;\"><em>Ogres<\/em> propose un voyage au c\u0153ur de l&rsquo;homophobie, aujourd&rsquo;hui, dans le monde. Nous suivons comme un fil rouge, entre les diff\u00e9rents cas trait\u00e9s, l&rsquo;histoire de Benjamin, tortur\u00e9 et laiss\u00e9 pour mort dans un bois de Normandie. De la France \u00e0 la Russie, de l&rsquo;Ouganda \u00e0 l&rsquo;Iran, ce texte dresse un \u00e9tat des lieux d&rsquo;une discrimination qui exclut socialement, qui tue directement ou indirectement, qui existe sous toutes sortes de formes, provoquant douleurs et sou<span class=\"text_exposed_show\">ffrances. Au total 28 sc\u00e8nes, 14 destinations et 30 personnages, o\u00f9 se confrontent les points de vue des victimes, des agresseurs, des familles, des t\u00e9moins.<\/span><\/p>\n<p><strong>Production : <a href=\"http:\/\/ciedesogres.com\/\" data-cke-saved-href=\"http:\/\/ciedesogres.com\/\">Compagnie des Ogres<\/a><\/strong><\/p>\n<p style=\"text-align: justify;\"><strong>Coproduction :<\/strong> <a href=\"http:\/\/www.fatp.fr\/\" data-cke-saved-href=\"http:\/\/www.fatp.fr\/\"><strong>FATP<\/strong><\/a> &#8211; F\u00e9d\u00e9ration d\u2019Associations de Th\u00e9\u00e2tre Populaire, <strong><a href=\"http:\/\/www.hangar23.fr\/\" data-cke-saved-href=\"http:\/\/www.hangar23.fr\/\">Hangar 23 \/ L\u2019\u00c9tincelle<\/a><\/strong> \u2013 Th\u00e9\u00e2tre de la ville de Rouen.<\/p>\n<p style=\"text-align: justify;\"><strong>Avec le soutien<\/strong> de l&rsquo;aide \u00e0 la production et \u00e0 la diffusion du Fonds<strong><a href=\"http:\/\/www.sacd.fr\/\" data-cke-saved-href=\"http:\/\/www.sacd.fr\/\"> SACD<\/a><\/strong> Th\u00e9\u00e2tre, de l\u2019aide \u00e0 la cr\u00e9ation de l\u2019<a href=\"https:\/\/www.adami.fr\/\" data-cke-saved-href=\"https:\/\/www.adami.fr\/\"><strong>Adami<\/strong><\/a>, de l&rsquo;aide \u00e0 la cr\u00e9ation de la <a href=\"http:\/\/www.spedidam.fr\/\" data-cke-saved-href=\"http:\/\/www.spedidam.fr\/\"><strong>Spedidam<\/strong><\/a>, de de la <a href=\"http:\/\/chartreuse.org\/site\/\" data-cke-saved-href=\"http:\/\/chartreuse.org\/site\/\"><strong>Chartreuse Cnes<\/strong><\/a> de Villeneuve lez Avignon, du <strong><a href=\"http:\/\/www.theatregerardphilipe.com\/cdn\/\" data-cke-saved-href=\"http:\/\/www.theatregerardphilipe.com\/cdn\/\">Th\u00e9\u00e2tre G\u00e9rard Philipe<\/a><\/strong> \u2013 CDN de Saint-Denis, de <a href=\"http:\/\/www.theatre-ouvert.com\/\" data-cke-saved-href=\"http:\/\/www.theatre-ouvert.com\/\"><strong>Th\u00e9\u00e2tre Ouvert Cndc<\/strong><\/a>, de <strong><a href=\"http:\/\/www.confluences.net\/\" data-cke-saved-href=\"http:\/\/www.confluences.net\/\">Confluences<\/a><\/strong>, de la <strong><a href=\"https:\/\/www.facebook.com\/Compania-28-166435650040935\/?fref=ts\" data-cke-saved-href=\"https:\/\/www.facebook.com\/Compania-28-166435650040935\/?fref=ts\">Compania 28<\/a><\/strong> et du <a href=\"http:\/\/www.tempsdimages.eu\/\" data-cke-saved-href=\"http:\/\/www.tempsdimages.eu\/\"><strong>Festival Temps d\u2019Images<\/strong><\/a> de Cluj (Roumanie)<\/p>\n<p style=\"text-align: justify;\"><strong>Texte laur\u00e9at<\/strong> de l\u2019Aide \u00e0 l\u2019\u00e9criture de l\u2019association <a href=\"http:\/\/beaumarchais.asso.fr\/\" data-cke-saved-href=\"http:\/\/beaumarchais.asso.fr\/\"><strong>Beaumarchais-SACD<\/strong><\/a>, de l\u2019Aide \u00e0 la cr\u00e9ation du <strong><a href=\"http:\/\/www.artcena.fr\/\" data-cke-saved-href=\"http:\/\/www.artcena.fr\/\">CnT<\/a><\/strong> \u2013 Centre national du Th\u00e9\u00e2tre et de de l\u2019Aide \u00e0 la publication du <a href=\"http:\/\/www.centrenationaldulivre.fr\/\" data-cke-saved-href=\"http:\/\/www.centrenationaldulivre.fr\/\"><strong>CNL<\/strong><\/a> \u2013 Centre National du Livre<\/p>\n<p style=\"text-align: justify;\"><strong>Remerciements : <\/strong>Maison des Auteurs de la SACD, la<strong> <a href=\"http:\/\/ciekonfiskee.jimdo.com\/\" data-cke-saved-href=\"http:\/\/ciekonfiskee.jimdo.com\/\">Compagnie KonfisK\u00e9(e)<\/a><\/strong><\/p>\n<\/div>\n<div>\n<div style=\"text-align: justify;\"><\/div>\n<div style=\"text-align: justify;\">Repr\u00e9sentation au Th\u00e9\u00e2tre G\u00e9rard Philipe, Salle Serreau : <a href=\"https:\/\/www.google.fr\/maps\/place\/Th%C3%A9%C3%A2tre+G%C3%A9rard+Philipe\/@48.9382658,2.3503492,15z\/data=%214m2%213m1%211s0x0:0x9d6f248744e43a8b?sa=X&amp;ved=0ahUKEwjbxov_w_jPAhWEAcAKHQbcBQ8Q_BIIfDAN\" data-cke-saved-href=\"https:\/\/www.google.fr\/maps\/place\/Th%C3%A9%C3%A2tre+G%C3%A9rard+Philipe\/@48.9382658,2.3503492,15z\/data=!4m2!3m1!1s0x0:0x9d6f248744e43a8b?sa=X&amp;ved=0ahUKEwjbxov_w_jPAhWEAcAKHQbcBQ8Q_BIIfDAN\">59 Boulevard Jules Guesde, 93200 Saint-Denis<\/a><br \/>\nM13 &#8211; Basilique Saint-Denis, T1 &#8211; Th\u00e9\u00e2tre G\u00e9rard Philipe<br \/>\nR\u00e9servation conseill\u00e9e : reservation@theatregerardphilipe.com \/ t\u00e9l. +33 (0)1 48 13 70 00<\/div>\n<\/div>\n","protected":false},"excerpt":{"rendered":"<p>Lecture Ogres au TGP &nbsp; Toute l&rsquo;\u00e9quipe de la Compagnie des Ogres a le plaisir de vous convier \u00e0 la lecture de Ogres de Yann Verburgh, mis en voix par Eugen Jebeleanu, qui aura lieu le vendredi 18 novembre \u00e0 18h30 au Th\u00e9\u00e2tre G\u00e9rard Philipe &#8211; CDN de Saint-Denis. Cette lecture, reflet d&rsquo;une \u00e9tape de &hellip; <a href=\"https:\/\/ciedesogres.com\/wdp1\/lecture-de-ogres-au-tgp\/\" class=\"more-link\">Continuer la lecture de <span class=\"screen-reader-text\">Lecture de Ogres au TGP<\/span>  <span class=\"meta-nav\">&rarr;<\/span><\/a><\/p>\n","protected":false},"author":1,"featured_media":0,"comment_status":"closed","ping_status":"open","sticky":false,"template":"","format":"standard","meta":{"footnotes":""},"categories":[6],"tags":[],"class_list":["post-746","post","type-post","status-publish","format-standard","hentry","category-actualites"],"_links":{"self":[{"href":"https:\/\/ciedesogres.com\/wdp1\/wp-json\/wp\/v2\/posts\/746","targetHints":{"allow":["GET"]}}],"collection":[{"href":"https:\/\/ciedesogres.com\/wdp1\/wp-json\/wp\/v2\/posts"}],"about":[{"href":"https:\/\/ciedesogres.com\/wdp1\/wp-json\/wp\/v2\/types\/post"}],"author":[{"embeddable":true,"href":"https:\/\/ciedesogres.com\/wdp1\/wp-json\/wp\/v2\/users\/1"}],"replies":[{"embeddable":true,"href":"https:\/\/ciedesogres.com\/wdp1\/wp-json\/wp\/v2\/comments?post=746"}],"version-history":[{"count":2,"href":"https:\/\/ciedesogres.com\/wdp1\/wp-json\/wp\/v2\/posts\/746\/revisions"}],"predecessor-version":[{"id":750,"href":"https:\/\/ciedesogres.com\/wdp1\/wp-json\/wp\/v2\/posts\/746\/revisions\/750"}],"wp:attachment":[{"href":"https:\/\/ciedesogres.com\/wdp1\/wp-json\/wp\/v2\/media?parent=746"}],"wp:term":[{"taxonomy":"category","embeddable":true,"href":"https:\/\/ciedesogres.com\/wdp1\/wp-json\/wp\/v2\/categories?post=746"},{"taxonomy":"post_tag","embeddable":true,"href":"https:\/\/ciedesogres.com\/wdp1\/wp-json\/wp\/v2\/tags?post=746"}],"curies":[{"name":"wp","href":"https:\/\/api.w.org\/{rel}","templated":true}]}}